{"id":51991,"date":"2020-11-27T13:54:59","date_gmt":"2020-11-27T13:54:59","guid":{"rendered":"https:\/\/www.multiforme.eu\/?p=51991"},"modified":"2025-10-11T22:52:43","modified_gmt":"2025-10-11T22:52:43","slug":"teatro-galli-rimini","status":"publish","type":"post","link":"https:\/\/www.multiforme.eu\/ru\/teatro-galli-rimini\/","title":{"rendered":"\u0422\u0415\u0410\u0422\u0420 \u0413\u0410\u041b\u041b\u0418 &#8212; \u0420\u0418\u041c\u0418\u041d\u0418"},"content":{"rendered":"\t\t<div data-elementor-type=\"wp-post\" data-elementor-id=\"51991\" class=\"elementor elementor-51991 elementor-21380\" data-elementor-post-type=\"post\">\n\t\t\t\t\t\t<section class=\"elementor-section elementor-top-section elementor-element elementor-element-41a8734d elementor-section-boxed elementor-section-height-default elementor-section-height-default\" data-id=\"41a8734d\" data-element_type=\"section\" data-settings=\"{&quot;background_background&quot;:&quot;classic&quot;}\">\n\t\t\t\t\t\t<div class=\"elementor-container elementor-column-gap-default\">\n\t\t\t\t\t<div class=\"elementor-column elementor-col-100 elementor-top-column elementor-element elementor-element-3763d342\" data-id=\"3763d342\" data-element_type=\"column\">\n\t\t\t<div class=\"elementor-widget-wrap elementor-element-populated\">\n\t\t\t\t\t\t<div class=\"elementor-element elementor-element-fc50173 elementor-widget elementor-widget-heading\" data-id=\"fc50173\" data-element_type=\"widget\" data-widget_type=\"heading.default\">\n\t\t\t\t<div class=\"elementor-widget-container\">\n\t\t\t\t\t<h2 class=\"elementor-heading-title elementor-size-default\">TEATRO GALLI - RIMINI<\/h2>\t\t\t\t<\/div>\n\t\t\t\t<\/div>\n\t\t\t\t\t<\/div>\n\t\t<\/div>\n\t\t\t\t\t<\/div>\n\t\t<\/section>\n\t\t\t\t<section class=\"elementor-section elementor-top-section elementor-element elementor-element-3da37f6 elementor-section-boxed elementor-section-height-default elementor-section-height-default\" data-id=\"3da37f6\" data-element_type=\"section\">\n\t\t\t\t\t\t<div class=\"elementor-container elementor-column-gap-default\">\n\t\t\t\t\t<div class=\"elementor-column elementor-col-100 elementor-top-column elementor-element elementor-element-114fc8c0\" data-id=\"114fc8c0\" data-element_type=\"column\">\n\t\t\t<div class=\"elementor-widget-wrap elementor-element-populated\">\n\t\t\t\t\t\t<div class=\"elementor-element elementor-element-17bf4f4 md-text elementor-widget elementor-widget-heading\" data-id=\"17bf4f4\" data-element_type=\"widget\" data-widget_type=\"heading.default\">\n\t\t\t\t<div class=\"elementor-widget-container\">\n\t\t\t\t\t<h1 class=\"elementor-heading-title elementor-size-default\">Lampade artigianali e grande lampadario classico per il Teatro Galli a Rimini<\/h1>\t\t\t\t<\/div>\n\t\t\t\t<\/div>\n\t\t\t\t<div class=\"elementor-element elementor-element-32587b41 elementor-widget elementor-widget-text-editor\" data-id=\"32587b41\" data-element_type=\"widget\" data-widget_type=\"text-editor.default\">\n\t\t\t\t<div class=\"elementor-widget-container\">\n\t\t\t\t\t\t\t\t\t<p>Nel 1841 viene incaricato del progetto per la realizzazione del Nuovo Teatro di Rimini l&#8217;architetto Luigi Poletti di Modena(1792-1869) che progetta un Teatro all&#8217;italiana, ma con alcune significative varianti superando lo stile neoclassico della prima met\u00e0 dell&#8217;ottocento. Inaugurato nel 1857 nel tempo subisce varie lesioni da terremoti, distruzioni a causa della guerra e viene chiuso. Nel 1947 il Teatro, semidistrutto, \u00e8 dedicato al musicista Amintore Galli (1845-1919). Tra il 1975 al 2018 sono stati intrapresi vari interventi di restauro alle diverse zone danneggiate, grazie a diversi contributi regionali e finanziamenti europei. Finalmente ad ottobre 2018 la cantante lirica Cecilia Bartoli inaugura il nuovo Teatro Galli.<\/p>\n<p>Il restauro del\u00a0<a class=\"magazine_link\" href=\"http:\/\/www.teatrogalli.it\/\" target=\"_blank\" rel=\"noopener\"><b>Teatro Galli di Rimini<\/b><\/a>\u00a0\u00e9 stato un lavoro ingente, complesso, durato pi\u00f9 di 5 anni. Ha coinvolto figure professionali e aziende d&#8217;eccellenza coordinate dal direttore dei lavori degli apparati decorativi,\u00a0<b>Prof. Francesco Amendolagine<\/b>, punto di riferimento nazionale ed internazionale per il restauro degli apparati decorativi plastici, gi\u00e0 commissario per la ricostruzione del teatro La Fenice di Venezia. Passo dopo passo, riunione dopo riunione non solo grazie alla professionalit\u00e0 di chi \u00e9 stato incaricato di portare avanti questo restauro, ma grazie alla passione dei riminesi per questo monumento storico che da sempre portano nel cuore e fortemente voluto dal&#8217;Amministrazione comunale si \u00e9 arrivati ad un risultato eccellente. Di\u00a0<b>teatri storici<\/b>\u00a0l&#8217;Italia ne \u00e9 davvero ricca da Nord come il Teatro La Fenice a Venezia, passando per il Teatro La Scala a Milano, il Verdi a Firenze, il Regio a Parma, fino ad arrivare a sud con il San Carlo di Napoli, il Petruzzelli di Bari e il Massimo a Palermo. Molti di loro nel tempo sono stati segnati da distruzioni o incendi, ma spesso grazie all&#8217;amore dei propri concittadini sono risorti pi\u00f9 belli di prima. Come affermato dallo stesso Prof. Amendolagine, il teatro all\u2019italiana \u00e8 un meraviglioso strumento musicale paragonabile ad uno \u201cStradivari\u201d. Ricostruire un teatro \u00e8 un po\u2019 come ricostruire uno strumento musicale. Di fondamentale importanza \u00e8 quindi la grande artigianalit\u00e0 e la cura del dettaglio, dove nulla va lasciato al caso, soprattutto in un cantiere come questo dove la volont\u00e0 della Committenza, sin dalle premesse, \u00e8 stata quella di realizzare un intervento di altissimo profilo ed eccellenza. L&#8217;apparato delle luci artistiche, tra cui spicca il grande lampadario centrale \u00e8 uno degli elementi pi\u00f9 rimarchevoli tra i decori del Teatro.<\/p>\n\t\t\t\t\t\t\t\t<\/div>\n\t\t\t\t<\/div>\n\t\t\t\t<div class=\"elementor-element elementor-element-651874c elementor-widget elementor-widget-gallery\" data-id=\"651874c\" data-element_type=\"widget\" data-settings=\"{&quot;columns&quot;:2,&quot;aspect_ratio&quot;:&quot;4:3&quot;,&quot;gap&quot;:{&quot;unit&quot;:&quot;px&quot;,&quot;size&quot;:0,&quot;sizes&quot;:[]},&quot;lazyload&quot;:&quot;yes&quot;,&quot;gallery_layout&quot;:&quot;grid&quot;,&quot;columns_tablet&quot;:2,&quot;columns_mobile&quot;:1,&quot;gap_tablet&quot;:{&quot;unit&quot;:&quot;px&quot;,&quot;size&quot;:10,&quot;sizes&quot;:[]},&quot;gap_mobile&quot;:{&quot;unit&quot;:&quot;px&quot;,&quot;size&quot;:10,&quot;sizes&quot;:[]},&quot;link_to&quot;:&quot;file&quot;,&quot;overlay_background&quot;:&quot;yes&quot;,&quot;content_hover_animation&quot;:&quot;fade-in&quot;}\" data-widget_type=\"gallery.default\">\n\t\t\t\t<div class=\"elementor-widget-container\">\n\t\t\t\t\t\t\t<div class=\"elementor-gallery__container\">\n\t\t\t\t\t\t\t<a class=\"e-gallery-item elementor-gallery-item elementor-animated-content\" href=\"https:\/\/www.multiforme.eu\/wp-content\/uploads\/2020\/11\/Studio-e-progettazione-Grande-lampadario-e-lampade-artigianali-in-vetro-Murano-per-Teatro-Galli-di-Rimini-700x700-1.jpg\" data-elementor-open-lightbox=\"yes\" data-elementor-lightbox-slideshow=\"651874c\" data-elementor-lightbox-title=\"Studio-e-progettazione-Grande-lampadario-e-lampade-artigianali-in-vetro-Murano-per-Teatro-Galli-di-Rimini-700x700\" data-e-action-hash=\"#elementor-action%3Aaction%3Dlightbox%26settings%3DeyJpZCI6MjgxNDEsInVybCI6Imh0dHBzOlwvXC93d3cubXVsdGlmb3JtZS5ldVwvd3AtY29udGVudFwvdXBsb2Fkc1wvMjAyMFwvMTFcL1N0dWRpby1lLXByb2dldHRhemlvbmUtR3JhbmRlLWxhbXBhZGFyaW8tZS1sYW1wYWRlLWFydGlnaWFuYWxpLWluLXZldHJvLU11cmFuby1wZXItVGVhdHJvLUdhbGxpLWRpLVJpbWluaS03MDB4NzAwLTEuanBnIiwic2xpZGVzaG93IjoiNjUxODc0YyJ9\">\n\t\t\t\t\t<div class=\"e-gallery-image elementor-gallery-item__image\" data-thumbnail=\"https:\/\/www.multiforme.eu\/wp-content\/uploads\/2020\/11\/Studio-e-progettazione-Grande-lampadario-e-lampade-artigianali-in-vetro-Murano-per-Teatro-Galli-di-Rimini-700x700-1.jpg\" data-width=\"700\" data-height=\"700\" aria-label=\"\" role=\"img\" ><\/div>\n\t\t\t\t\t\t\t\t\t\t\t<div class=\"elementor-gallery-item__overlay\"><\/div>\n\t\t\t\t\t\t\t\t\t\t\t\t\t\t<\/a>\n\t\t\t\t\t\t\t<a class=\"e-gallery-item elementor-gallery-item elementor-animated-content\" href=\"https:\/\/www.multiforme.eu\/wp-content\/uploads\/2020\/11\/Progettazione-e-studio-Grande-lampadario-e-lampade-artigianali-in-vetro-Murano-per-Teatro-Galli-di-Rimini-700x700-1.jpg\" data-elementor-open-lightbox=\"yes\" data-elementor-lightbox-slideshow=\"651874c\" data-elementor-lightbox-title=\"Progettazione-e-studio-Grande-lampadario-e-lampade-artigianali-in-vetro-Murano-per-Teatro-Galli-di-Rimini-700x700\" data-e-action-hash=\"#elementor-action%3Aaction%3Dlightbox%26settings%3DeyJpZCI6MjgxNDMsInVybCI6Imh0dHBzOlwvXC93d3cubXVsdGlmb3JtZS5ldVwvd3AtY29udGVudFwvdXBsb2Fkc1wvMjAyMFwvMTFcL1Byb2dldHRhemlvbmUtZS1zdHVkaW8tR3JhbmRlLWxhbXBhZGFyaW8tZS1sYW1wYWRlLWFydGlnaWFuYWxpLWluLXZldHJvLU11cmFuby1wZXItVGVhdHJvLUdhbGxpLWRpLVJpbWluaS03MDB4NzAwLTEuanBnIiwic2xpZGVzaG93IjoiNjUxODc0YyJ9\">\n\t\t\t\t\t<div class=\"e-gallery-image elementor-gallery-item__image\" data-thumbnail=\"https:\/\/www.multiforme.eu\/wp-content\/uploads\/2020\/11\/Progettazione-e-studio-Grande-lampadario-e-lampade-artigianali-in-vetro-Murano-per-Teatro-Galli-di-Rimini-700x700-1.jpg\" data-width=\"700\" data-height=\"700\" aria-label=\"\" role=\"img\" ><\/div>\n\t\t\t\t\t\t\t\t\t\t\t<div class=\"elementor-gallery-item__overlay\"><\/div>\n\t\t\t\t\t\t\t\t\t\t\t\t\t\t<\/a>\n\t\t\t\t\t<\/div>\n\t\t\t\t\t<\/div>\n\t\t\t\t<\/div>\n\t\t\t\t<div class=\"elementor-element elementor-element-3a2eb35 elementor-widget elementor-widget-text-editor\" data-id=\"3a2eb35\" data-element_type=\"widget\" data-widget_type=\"text-editor.default\">\n\t\t\t\t<div class=\"elementor-widget-container\">\n\t\t\t\t\t\t\t\t\t<div class=\"main-content master-section-content no-detect custom-padding\">\n<div class=\"container\">\n<div class=\"row\">\n<div class=\"col-md-12 normal-column\">\n<div class=\"wpb_raw_code wpb_content_element wpb_raw_html\">\n<div class=\"wpb_wrapper\">\n<p><b>MULTIFORME<sup>\u00ae<\/sup><\/b>\u00a0ha avuto l&#8217;onore di occuparsi di realizzare pi\u00f9 di\u00a0<b>330 lampade custom<\/b>\u00a0tra i quali il grande lampadario classico a 48 luci in fusione di bronzo, oltre che una serie di lampade artigianali in ottone e bronzo: appliques per la platea, i boccascena, i corridoi ed il foyer e le caratteristiche &#171;piantane con grifone&#187; per i palchi. L&#8217;incarico per la realizzazione del grande lampadario classico e delle lampade artigianali ci \u00e8 stato conferito dal general contractor nel gennaio 2018 e le lampade sono state installate tra Maggio e Agosto dello stesso anno. Tempi ridottissimi vista la complessit\u00e0 del lavoro e l&#8217;importanza della realizzazione.<\/p>\n<p>La produzione si \u00e9 basata su di un approfondito studio dei disegni originali di met\u00e0 ottocento dell&#8217;architetto neoclassico Luigi Poletti, che aveva nei suoi progetti ben definito le caratteristiche del grande lampadario. Tutte le lampade artigianali sono state progettate con software e tecnologie attuali in grado di garantire prestazioni di alto profilo senza nulla togliere al carattere artigianale e artistico dell&#8217;intervento. Le lavorazioni sono state eseguite integralmente nei nostri laboratori ricorrendo a tecniche e materiali di qualit\u00e0 superiore, mettendo in primo piano non solo la resa estetica del prodotto ma anche la sicurezza e la durabilit\u00e0 degli apparecchi illuminanti. Il nostro intervento non si \u00e8 limitato alla produzione di lampade artigianali ma ha compreso numerosi servizi, tra i quali la consulenza tecnica (inclusa la\u00a0<a class=\"magazine_link\" href=\"\/lampadari-artigianali\/\" target=\"_blank\" rel=\"noopener\">progettazione strutturale<\/a>\u00a0del grande lampadario di sala) e illuminotecnica (per garantire alte prestazioni illuminative e ridurre i consumi energetici) fino al montaggio, eseguito da squadre di nostri installatori specializzati.<\/p>\n<\/div>\n<\/div>\n<\/div>\n<\/div>\n<\/div>\n<\/div>\n<div class=\"main-content master-section-content no-detect custom-padding\">\n<div class=\"container\">\n<div class=\"row\">\n<div class=\"col-md-12 normal-column\">\n<div class=\"wpb_raw_code wpb_content_element wpb_raw_html\">\n<div class=\"wpb_wrapper\">\u00a0<\/div>\n<\/div>\n<\/div>\n<\/div>\n<\/div>\n<\/div>\n\t\t\t\t\t\t\t\t<\/div>\n\t\t\t\t<\/div>\n\t\t\t\t<div class=\"elementor-element elementor-element-bedfeb6 md-text elementor-widget elementor-widget-heading\" data-id=\"bedfeb6\" data-element_type=\"widget\" data-widget_type=\"heading.default\">\n\t\t\t\t<div class=\"elementor-widget-container\">\n\t\t\t\t\t<h1 class=\"elementor-heading-title elementor-size-default\">Il grande lampadario di sala<\/h1>\t\t\t\t<\/div>\n\t\t\t\t<\/div>\n\t\t\t\t<div class=\"elementor-element elementor-element-3cae8cc elementor-widget elementor-widget-text-editor\" data-id=\"3cae8cc\" data-element_type=\"widget\" data-widget_type=\"text-editor.default\">\n\t\t\t\t<div class=\"elementor-widget-container\">\n\t\t\t\t\t\t\t\t\t<div class=\"main-content master-section-content no-detect custom-padding\">\n<div class=\"container\">\n<div class=\"row\">\n<div class=\"col-md-12 normal-column\">\n<div class=\"wpb_raw_code wpb_content_element wpb_raw_html\">\n<div class=\"wpb_wrapper\">\n<p><span style=\"font-size: 1rem;\">Dalla platea, dai palchi e dalla galleria, seguendo il movimento del sipario rosso che si alza sul palcoscenico e portando lo sguardo verso l&#8217;alto, si viene inevitabilmente rapiti dal grande lampadario che misura circa 4 metri in diametro e 4 metri in altezza e pesa circa 600 kg. Il grande lampadario classico \u00e8 appeso al soffitto mediante un sistema di paranchi a doppia sicurezza. I materiali utilizzati per realizzare questo lampadario classico artistico sono: una struttura portante realizzata in acciaio inox, completamente rivestita di elementi in fusione di bronzo e ottone forgiato. Il lampadario sorregge una raggera di 48 sfere in vetro di Murano soffiate e molate a mano, disposte su due ordini. Le sfere porta-lampada in vetro di Murano sono state satinate mediante acidatura per evitare fenomeni di abbagliamento e diffondere in maniera pi\u00f9 dolce la luce. Il corpo inferiore del grande lampadario \u00e9 impreziosito da ghirlande di cristalli di Bohemia di diverse forme come ottagoni, gocce e losanghe per creare suggestivi effetti di rifrazione della luce. L&#8217;intera struttura metallica del grande lampadario \u00e8 stata infine rifinita con un trattamento galvanico di bagno in oro zecchino, per proteggere le superfici e garantirne il pregio per tutta la sua vita futura.<\/span><\/p>\n<\/div>\n<\/div>\n<\/div>\n<\/div>\n<\/div>\n<\/div>\n\t\t\t\t\t\t\t\t<\/div>\n\t\t\t\t<\/div>\n\t\t\t\t<div class=\"elementor-element elementor-element-74fb1f2 elementor-widget elementor-widget-gallery\" data-id=\"74fb1f2\" data-element_type=\"widget\" data-settings=\"{&quot;aspect_ratio&quot;:&quot;4:3&quot;,&quot;gap&quot;:{&quot;unit&quot;:&quot;px&quot;,&quot;size&quot;:0,&quot;sizes&quot;:[]},&quot;lazyload&quot;:&quot;yes&quot;,&quot;gallery_layout&quot;:&quot;grid&quot;,&quot;columns&quot;:4,&quot;columns_tablet&quot;:2,&quot;columns_mobile&quot;:1,&quot;gap_tablet&quot;:{&quot;unit&quot;:&quot;px&quot;,&quot;size&quot;:10,&quot;sizes&quot;:[]},&quot;gap_mobile&quot;:{&quot;unit&quot;:&quot;px&quot;,&quot;size&quot;:10,&quot;sizes&quot;:[]},&quot;link_to&quot;:&quot;file&quot;,&quot;overlay_background&quot;:&quot;yes&quot;,&quot;content_hover_animation&quot;:&quot;fade-in&quot;}\" data-widget_type=\"gallery.default\">\n\t\t\t\t<div class=\"elementor-widget-container\">\n\t\t\t\t\t\t\t<div class=\"elementor-gallery__container\">\n\t\t\t\t\t\t\t<a class=\"e-gallery-item elementor-gallery-item elementor-animated-content\" href=\"https:\/\/www.multiforme.eu\/wp-content\/uploads\/2020\/11\/Grande-lampadario-e-lampade-artigianali-in-vetro-Murano-per-Teatro-Galli-di-Rimini-2-700x700-1.jpg\" data-elementor-open-lightbox=\"yes\" data-elementor-lightbox-slideshow=\"74fb1f2\" data-elementor-lightbox-title=\"Grande-lampadario-e-lampade-artigianali-in-vetro-Murano-per-Teatro-Galli-di-Rimini-2-700x700\" data-e-action-hash=\"#elementor-action%3Aaction%3Dlightbox%26settings%3DeyJpZCI6MjgxNDUsInVybCI6Imh0dHBzOlwvXC93d3cubXVsdGlmb3JtZS5ldVwvd3AtY29udGVudFwvdXBsb2Fkc1wvMjAyMFwvMTFcL0dyYW5kZS1sYW1wYWRhcmlvLWUtbGFtcGFkZS1hcnRpZ2lhbmFsaS1pbi12ZXRyby1NdXJhbm8tcGVyLVRlYXRyby1HYWxsaS1kaS1SaW1pbmktMi03MDB4NzAwLTEuanBnIiwic2xpZGVzaG93IjoiNzRmYjFmMiJ9\">\n\t\t\t\t\t<div class=\"e-gallery-image elementor-gallery-item__image\" data-thumbnail=\"https:\/\/www.multiforme.eu\/wp-content\/uploads\/2020\/11\/Grande-lampadario-e-lampade-artigianali-in-vetro-Murano-per-Teatro-Galli-di-Rimini-2-700x700-1.jpg\" data-width=\"700\" data-height=\"700\" aria-label=\"\" role=\"img\" ><\/div>\n\t\t\t\t\t\t\t\t\t\t\t<div class=\"elementor-gallery-item__overlay\"><\/div>\n\t\t\t\t\t\t\t\t\t\t\t\t\t\t<\/a>\n\t\t\t\t\t\t\t<a class=\"e-gallery-item elementor-gallery-item elementor-animated-content\" href=\"https:\/\/www.multiforme.eu\/wp-content\/uploads\/2020\/11\/Grande-lampadario-e-lampade-artigianali-in-vetro-Murano-lavorato-a-mano-per-Teatro-Galli-di-Rimini-700x700-1.jpg\" data-elementor-open-lightbox=\"yes\" data-elementor-lightbox-slideshow=\"74fb1f2\" data-elementor-lightbox-title=\"Grande-lampadario-e-lampade-artigianali-in-vetro-Murano-lavorato-a-mano-per-Teatro-Galli-di-Rimini-700x700\" data-e-action-hash=\"#elementor-action%3Aaction%3Dlightbox%26settings%3DeyJpZCI6MjgxNDcsInVybCI6Imh0dHBzOlwvXC93d3cubXVsdGlmb3JtZS5ldVwvd3AtY29udGVudFwvdXBsb2Fkc1wvMjAyMFwvMTFcL0dyYW5kZS1sYW1wYWRhcmlvLWUtbGFtcGFkZS1hcnRpZ2lhbmFsaS1pbi12ZXRyby1NdXJhbm8tbGF2b3JhdG8tYS1tYW5vLXBlci1UZWF0cm8tR2FsbGktZGktUmltaW5pLTcwMHg3MDAtMS5qcGciLCJzbGlkZXNob3ciOiI3NGZiMWYyIn0%3D\">\n\t\t\t\t\t<div class=\"e-gallery-image elementor-gallery-item__image\" data-thumbnail=\"https:\/\/www.multiforme.eu\/wp-content\/uploads\/2020\/11\/Grande-lampadario-e-lampade-artigianali-in-vetro-Murano-lavorato-a-mano-per-Teatro-Galli-di-Rimini-700x700-1.jpg\" data-width=\"700\" data-height=\"700\" aria-label=\"\" role=\"img\" ><\/div>\n\t\t\t\t\t\t\t\t\t\t\t<div class=\"elementor-gallery-item__overlay\"><\/div>\n\t\t\t\t\t\t\t\t\t\t\t\t\t\t<\/a>\n\t\t\t\t\t\t\t<a class=\"e-gallery-item elementor-gallery-item elementor-animated-content\" href=\"https:\/\/www.multiforme.eu\/wp-content\/uploads\/2020\/11\/Grande-lampadario-classico-e-lampade-artigianali-in-vetro-Murano-lavorato-a-mano-per-Teatro-Galli-di-Rimini-700x700-1.jpg\" data-elementor-open-lightbox=\"yes\" data-elementor-lightbox-slideshow=\"74fb1f2\" data-elementor-lightbox-title=\"Grande-lampadario-classico-e-lampade-artigianali-in-vetro-Murano-lavorato-a-mano-per-Teatro-Galli-di-Rimini-700x700\" data-e-action-hash=\"#elementor-action%3Aaction%3Dlightbox%26settings%3DeyJpZCI6MjgxNDksInVybCI6Imh0dHBzOlwvXC93d3cubXVsdGlmb3JtZS5ldVwvd3AtY29udGVudFwvdXBsb2Fkc1wvMjAyMFwvMTFcL0dyYW5kZS1sYW1wYWRhcmlvLWNsYXNzaWNvLWUtbGFtcGFkZS1hcnRpZ2lhbmFsaS1pbi12ZXRyby1NdXJhbm8tbGF2b3JhdG8tYS1tYW5vLXBlci1UZWF0cm8tR2FsbGktZGktUmltaW5pLTcwMHg3MDAtMS5qcGciLCJzbGlkZXNob3ciOiI3NGZiMWYyIn0%3D\">\n\t\t\t\t\t<div class=\"e-gallery-image elementor-gallery-item__image\" data-thumbnail=\"https:\/\/www.multiforme.eu\/wp-content\/uploads\/2020\/11\/Grande-lampadario-classico-e-lampade-artigianali-in-vetro-Murano-lavorato-a-mano-per-Teatro-Galli-di-Rimini-700x700-1.jpg\" data-width=\"700\" data-height=\"700\" aria-label=\"\" role=\"img\" ><\/div>\n\t\t\t\t\t\t\t\t\t\t\t<div class=\"elementor-gallery-item__overlay\"><\/div>\n\t\t\t\t\t\t\t\t\t\t\t\t\t\t<\/a>\n\t\t\t\t\t\t\t<a class=\"e-gallery-item elementor-gallery-item elementor-animated-content\" href=\"https:\/\/www.multiforme.eu\/wp-content\/uploads\/2020\/11\/Grande-lampadario-e-lampade-artigianali-per-Teatro-Galli-di-Rimini-700x700-1.jpg\" data-elementor-open-lightbox=\"yes\" data-elementor-lightbox-slideshow=\"74fb1f2\" data-elementor-lightbox-title=\"Grande-lampadario-e-lampade-artigianali-per-Teatro-Galli-di-Rimini--700x700\" data-e-action-hash=\"#elementor-action%3Aaction%3Dlightbox%26settings%3DeyJpZCI6MjgxNTEsInVybCI6Imh0dHBzOlwvXC93d3cubXVsdGlmb3JtZS5ldVwvd3AtY29udGVudFwvdXBsb2Fkc1wvMjAyMFwvMTFcL0dyYW5kZS1sYW1wYWRhcmlvLWUtbGFtcGFkZS1hcnRpZ2lhbmFsaS1wZXItVGVhdHJvLUdhbGxpLWRpLVJpbWluaS03MDB4NzAwLTEuanBnIiwic2xpZGVzaG93IjoiNzRmYjFmMiJ9\">\n\t\t\t\t\t<div class=\"e-gallery-image elementor-gallery-item__image\" data-thumbnail=\"https:\/\/www.multiforme.eu\/wp-content\/uploads\/2020\/11\/Grande-lampadario-e-lampade-artigianali-per-Teatro-Galli-di-Rimini-700x700-1.jpg\" data-width=\"700\" data-height=\"700\" aria-label=\"\" role=\"img\" ><\/div>\n\t\t\t\t\t\t\t\t\t\t\t<div class=\"elementor-gallery-item__overlay\"><\/div>\n\t\t\t\t\t\t\t\t\t\t\t\t\t\t<\/a>\n\t\t\t\t\t<\/div>\n\t\t\t\t\t<\/div>\n\t\t\t\t<\/div>\n\t\t\t\t<div class=\"elementor-element elementor-element-8d618cb md-text elementor-widget elementor-widget-heading\" data-id=\"8d618cb\" data-element_type=\"widget\" data-widget_type=\"heading.default\">\n\t\t\t\t<div class=\"elementor-widget-container\">\n\t\t\t\t\t<h1 class=\"elementor-heading-title elementor-size-default\">Lampade artigianali, appliques della platea, palchetto, boccascena e corridoi<\/h1>\t\t\t\t<\/div>\n\t\t\t\t<\/div>\n\t\t\t\t<div class=\"elementor-element elementor-element-d03c02a elementor-widget elementor-widget-text-editor\" data-id=\"d03c02a\" data-element_type=\"widget\" data-widget_type=\"text-editor.default\">\n\t\t\t\t<div class=\"elementor-widget-container\">\n\t\t\t\t\t\t\t\t\t<div class=\"main-content master-section-content no-detect custom-padding\">\n<div class=\"container\">\n<div class=\"row\">\n<div class=\"col-md-12 normal-column\">\n<div class=\"wpb_raw_code wpb_content_element wpb_raw_html\">\n<div class=\"wpb_wrapper\">\n<p>Cos\u00ec come il grande lampadario classico, le lampade artigianali da parete a una, due o cinque luci che sono state installate nei corridoi, nei boccascena e nel primo ordine dei palchetti sono state sviluppate a partire dai disegni dell&#8217;Architetto Poletti e da alcuni frammenti ritrovati nel cantiere originario del Teatro. Questi punti luce sono realizzati con gli stessi materiali utilizzati per il grande lampadario: acciaio inox, ottone, fusioni di bronzo, vetro di Murano e bagno oro zecchino.<\/p>\n<\/div>\n<\/div>\n<\/div>\n<\/div>\n<\/div>\n<\/div>\n\t\t\t\t\t\t\t\t<\/div>\n\t\t\t\t<\/div>\n\t\t\t\t<div class=\"elementor-element elementor-element-53618aa1 elementor-widget elementor-widget-gallery\" data-id=\"53618aa1\" data-element_type=\"widget\" data-settings=\"{&quot;columns&quot;:3,&quot;aspect_ratio&quot;:&quot;4:3&quot;,&quot;gap&quot;:{&quot;unit&quot;:&quot;px&quot;,&quot;size&quot;:0,&quot;sizes&quot;:[]},&quot;lazyload&quot;:&quot;yes&quot;,&quot;gallery_layout&quot;:&quot;grid&quot;,&quot;columns_tablet&quot;:2,&quot;columns_mobile&quot;:1,&quot;gap_tablet&quot;:{&quot;unit&quot;:&quot;px&quot;,&quot;size&quot;:10,&quot;sizes&quot;:[]},&quot;gap_mobile&quot;:{&quot;unit&quot;:&quot;px&quot;,&quot;size&quot;:10,&quot;sizes&quot;:[]},&quot;link_to&quot;:&quot;file&quot;,&quot;overlay_background&quot;:&quot;yes&quot;,&quot;content_hover_animation&quot;:&quot;fade-in&quot;}\" data-widget_type=\"gallery.default\">\n\t\t\t\t<div class=\"elementor-widget-container\">\n\t\t\t\t\t\t\t<div class=\"elementor-gallery__container\">\n\t\t\t\t\t\t\t<a class=\"e-gallery-item elementor-gallery-item elementor-animated-content\" href=\"https:\/\/www.multiforme.eu\/wp-content\/uploads\/2020\/11\/Grande-lampadario-e-lampade-artigianali-per-Teatro-Galli-di-Rimini-in-vetro-di-Murano-700x700-1.jpg\" data-elementor-open-lightbox=\"yes\" data-elementor-lightbox-slideshow=\"53618aa1\" data-elementor-lightbox-title=\"Grande-lampadario-e-lampade-artigianali-per-Teatro-Galli-di-Rimini-in-vetro-di-Murano-700x700\" data-e-action-hash=\"#elementor-action%3Aaction%3Dlightbox%26settings%3DeyJpZCI6MjgxNTMsInVybCI6Imh0dHBzOlwvXC93d3cubXVsdGlmb3JtZS5ldVwvd3AtY29udGVudFwvdXBsb2Fkc1wvMjAyMFwvMTFcL0dyYW5kZS1sYW1wYWRhcmlvLWUtbGFtcGFkZS1hcnRpZ2lhbmFsaS1wZXItVGVhdHJvLUdhbGxpLWRpLVJpbWluaS1pbi12ZXRyby1kaS1NdXJhbm8tNzAweDcwMC0xLmpwZyIsInNsaWRlc2hvdyI6IjUzNjE4YWExIn0%3D\">\n\t\t\t\t\t<div class=\"e-gallery-image elementor-gallery-item__image\" data-thumbnail=\"https:\/\/www.multiforme.eu\/wp-content\/uploads\/2020\/11\/Grande-lampadario-e-lampade-artigianali-per-Teatro-Galli-di-Rimini-in-vetro-di-Murano-700x700-1.jpg\" data-width=\"700\" data-height=\"700\" aria-label=\"\" role=\"img\" ><\/div>\n\t\t\t\t\t\t\t\t\t\t\t<div class=\"elementor-gallery-item__overlay\"><\/div>\n\t\t\t\t\t\t\t\t\t\t\t\t\t\t<\/a>\n\t\t\t\t\t\t\t<a class=\"e-gallery-item elementor-gallery-item elementor-animated-content\" href=\"https:\/\/www.multiforme.eu\/wp-content\/uploads\/2020\/11\/Applique-piantane-e-lampade-artigianali-per-Teatro-Galli-di-Rimini-700x700-1.jpg\" data-elementor-open-lightbox=\"yes\" data-elementor-lightbox-slideshow=\"53618aa1\" data-elementor-lightbox-title=\"Applique-piantane-e-lampade-artigianali-per-Teatro-Galli-di-Rimini-700x700\" data-e-action-hash=\"#elementor-action%3Aaction%3Dlightbox%26settings%3DeyJpZCI6MjgxNTUsInVybCI6Imh0dHBzOlwvXC93d3cubXVsdGlmb3JtZS5ldVwvd3AtY29udGVudFwvdXBsb2Fkc1wvMjAyMFwvMTFcL0FwcGxpcXVlLXBpYW50YW5lLWUtbGFtcGFkZS1hcnRpZ2lhbmFsaS1wZXItVGVhdHJvLUdhbGxpLWRpLVJpbWluaS03MDB4NzAwLTEuanBnIiwic2xpZGVzaG93IjoiNTM2MThhYTEifQ%3D%3D\">\n\t\t\t\t\t<div class=\"e-gallery-image elementor-gallery-item__image\" data-thumbnail=\"https:\/\/www.multiforme.eu\/wp-content\/uploads\/2020\/11\/Applique-piantane-e-lampade-artigianali-per-Teatro-Galli-di-Rimini-700x700-1.jpg\" data-width=\"700\" data-height=\"700\" aria-label=\"\" role=\"img\" ><\/div>\n\t\t\t\t\t\t\t\t\t\t\t<div class=\"elementor-gallery-item__overlay\"><\/div>\n\t\t\t\t\t\t\t\t\t\t\t\t\t\t<\/a>\n\t\t\t\t\t\t\t<a class=\"e-gallery-item elementor-gallery-item elementor-animated-content\" href=\"https:\/\/www.multiforme.eu\/wp-content\/uploads\/2020\/11\/Applique-e-piantane-i-per-Teatro-Galli-di-Rimini-700x700-1.jpg\" data-elementor-open-lightbox=\"yes\" data-elementor-lightbox-slideshow=\"53618aa1\" data-elementor-lightbox-title=\"Applique-e-piantane-i-per-Teatro-Galli-di-Rimini-700x700\" data-e-action-hash=\"#elementor-action%3Aaction%3Dlightbox%26settings%3DeyJpZCI6MjgxNTcsInVybCI6Imh0dHBzOlwvXC93d3cubXVsdGlmb3JtZS5ldVwvd3AtY29udGVudFwvdXBsb2Fkc1wvMjAyMFwvMTFcL0FwcGxpcXVlLWUtcGlhbnRhbmUtaS1wZXItVGVhdHJvLUdhbGxpLWRpLVJpbWluaS03MDB4NzAwLTEuanBnIiwic2xpZGVzaG93IjoiNTM2MThhYTEifQ%3D%3D\">\n\t\t\t\t\t<div class=\"e-gallery-image elementor-gallery-item__image\" data-thumbnail=\"https:\/\/www.multiforme.eu\/wp-content\/uploads\/2020\/11\/Applique-e-piantane-i-per-Teatro-Galli-di-Rimini-700x700-1.jpg\" data-width=\"700\" data-height=\"700\" aria-label=\"\" role=\"img\" ><\/div>\n\t\t\t\t\t\t\t\t\t\t\t<div class=\"elementor-gallery-item__overlay\"><\/div>\n\t\t\t\t\t\t\t\t\t\t\t\t\t\t<\/a>\n\t\t\t\t\t<\/div>\n\t\t\t\t\t<\/div>\n\t\t\t\t<\/div>\n\t\t\t\t<div class=\"elementor-element elementor-element-4a1b460 md-text elementor-widget elementor-widget-heading\" data-id=\"4a1b460\" data-element_type=\"widget\" data-widget_type=\"heading.default\">\n\t\t\t\t<div class=\"elementor-widget-container\">\n\t\t\t\t\t<h1 class=\"elementor-heading-title elementor-size-default\">Lampade artigianali - piantane con grifone a tre luci: I e II ordine di palchetti<\/h1>\t\t\t\t<\/div>\n\t\t\t\t<\/div>\n\t\t\t\t<div class=\"elementor-element elementor-element-434c558b elementor-widget elementor-widget-text-editor\" data-id=\"434c558b\" data-element_type=\"widget\" data-widget_type=\"text-editor.default\">\n\t\t\t\t<div class=\"elementor-widget-container\">\n\t\t\t\t\t\t\t\t\t<div class=\"main-content master-section-content no-detect custom-padding\">\n<div class=\"container\">\n<div class=\"row\">\n<div class=\"col-md-12 normal-column\">\n<div class=\"wpb_raw_code wpb_content_element wpb_raw_html\">\n<div class=\"wpb_wrapper\">\n<p>Tra un balcone e l&#8217;altro del primo e del secondo ordine di palchetti sono state montate delle lampade artigianali da terra illuminate mediante tre globi in vetro di Murano. Queste piantane sono installate con uno speciale metodo di fissaggio sul grifone dorato, simbolo del Teatro Galli. Una delle particolarit\u00e0 di questa tipologia di lampada \u00e8 lo studio in chiave antisismica fatto dai nostri tecnici, come richiesto dalla Committenza, per evitare che grosse oscillazioni potessero creare situazioni di danno e di pericolo per il pubblico presente in sala.<\/p>\n<\/div>\n<\/div>\n<\/div>\n<\/div>\n<\/div>\n<\/div>\n\t\t\t\t\t\t\t\t<\/div>\n\t\t\t\t<\/div>\n\t\t\t\t<div class=\"elementor-element elementor-element-aa7c4d2 elementor-widget elementor-widget-gallery\" data-id=\"aa7c4d2\" data-element_type=\"widget\" data-settings=\"{&quot;columns&quot;:3,&quot;aspect_ratio&quot;:&quot;4:3&quot;,&quot;gap&quot;:{&quot;unit&quot;:&quot;px&quot;,&quot;size&quot;:0,&quot;sizes&quot;:[]},&quot;lazyload&quot;:&quot;yes&quot;,&quot;gallery_layout&quot;:&quot;grid&quot;,&quot;columns_tablet&quot;:2,&quot;columns_mobile&quot;:1,&quot;gap_tablet&quot;:{&quot;unit&quot;:&quot;px&quot;,&quot;size&quot;:10,&quot;sizes&quot;:[]},&quot;gap_mobile&quot;:{&quot;unit&quot;:&quot;px&quot;,&quot;size&quot;:10,&quot;sizes&quot;:[]},&quot;link_to&quot;:&quot;file&quot;,&quot;overlay_background&quot;:&quot;yes&quot;,&quot;content_hover_animation&quot;:&quot;fade-in&quot;}\" data-widget_type=\"gallery.default\">\n\t\t\t\t<div class=\"elementor-widget-container\">\n\t\t\t\t\t\t\t<div class=\"elementor-gallery__container\">\n\t\t\t\t\t\t\t<a class=\"e-gallery-item elementor-gallery-item elementor-animated-content\" href=\"https:\/\/www.multiforme.eu\/wp-content\/uploads\/2020\/11\/Applique-piantane-e-lampade-artigianali-per-Teatro-Galli-di-Rimini-in-vetro-di-Murano-700x700-1.jpg\" data-elementor-open-lightbox=\"yes\" data-elementor-lightbox-slideshow=\"aa7c4d2\" data-elementor-lightbox-title=\"Applique-piantane-e-lampade-artigianali-per-Teatro-Galli-di-Rimini-in-vetro-di-Murano-700x700\" data-e-action-hash=\"#elementor-action%3Aaction%3Dlightbox%26settings%3DeyJpZCI6MjgxNTksInVybCI6Imh0dHBzOlwvXC93d3cubXVsdGlmb3JtZS5ldVwvd3AtY29udGVudFwvdXBsb2Fkc1wvMjAyMFwvMTFcL0FwcGxpcXVlLXBpYW50YW5lLWUtbGFtcGFkZS1hcnRpZ2lhbmFsaS1wZXItVGVhdHJvLUdhbGxpLWRpLVJpbWluaS1pbi12ZXRyby1kaS1NdXJhbm8tNzAweDcwMC0xLmpwZyIsInNsaWRlc2hvdyI6ImFhN2M0ZDIifQ%3D%3D\">\n\t\t\t\t\t<div class=\"e-gallery-image elementor-gallery-item__image\" data-thumbnail=\"https:\/\/www.multiforme.eu\/wp-content\/uploads\/2020\/11\/Applique-piantane-e-lampade-artigianali-per-Teatro-Galli-di-Rimini-in-vetro-di-Murano-700x700-1.jpg\" data-width=\"700\" data-height=\"700\" aria-label=\"\" role=\"img\" ><\/div>\n\t\t\t\t\t\t\t\t\t\t\t<div class=\"elementor-gallery-item__overlay\"><\/div>\n\t\t\t\t\t\t\t\t\t\t\t\t\t\t<\/a>\n\t\t\t\t\t\t\t<a class=\"e-gallery-item elementor-gallery-item elementor-animated-content\" href=\"https:\/\/www.multiforme.eu\/wp-content\/uploads\/2020\/11\/Applique-piantane-e-lampade-artigianali-in-vetro-di-Murano-per-Teatro-Galli-di-Rimini-700x700-1.jpg\" data-elementor-open-lightbox=\"yes\" data-elementor-lightbox-slideshow=\"aa7c4d2\" data-elementor-lightbox-title=\"Applique-piantane-e-lampade-artigianali-in-vetro-di-Murano-per-Teatro-Galli-di-Rimini-700x700\" data-e-action-hash=\"#elementor-action%3Aaction%3Dlightbox%26settings%3DeyJpZCI6MjgxNjEsInVybCI6Imh0dHBzOlwvXC93d3cubXVsdGlmb3JtZS5ldVwvd3AtY29udGVudFwvdXBsb2Fkc1wvMjAyMFwvMTFcL0FwcGxpcXVlLXBpYW50YW5lLWUtbGFtcGFkZS1hcnRpZ2lhbmFsaS1pbi12ZXRyby1kaS1NdXJhbm8tcGVyLVRlYXRyby1HYWxsaS1kaS1SaW1pbmktNzAweDcwMC0xLmpwZyIsInNsaWRlc2hvdyI6ImFhN2M0ZDIifQ%3D%3D\">\n\t\t\t\t\t<div class=\"e-gallery-image elementor-gallery-item__image\" data-thumbnail=\"https:\/\/www.multiforme.eu\/wp-content\/uploads\/2020\/11\/Applique-piantane-e-lampade-artigianali-in-vetro-di-Murano-per-Teatro-Galli-di-Rimini-700x700-1.jpg\" data-width=\"700\" data-height=\"700\" aria-label=\"\" role=\"img\" ><\/div>\n\t\t\t\t\t\t\t\t\t\t\t<div class=\"elementor-gallery-item__overlay\"><\/div>\n\t\t\t\t\t\t\t\t\t\t\t\t\t\t<\/a>\n\t\t\t\t\t\t\t<a class=\"e-gallery-item elementor-gallery-item elementor-animated-content\" href=\"https:\/\/www.multiforme.eu\/wp-content\/uploads\/2020\/11\/Applique-e-lampade-artigianali-per-Teatro-Galli-di-Rimini-700x700-1.jpg\" data-elementor-open-lightbox=\"yes\" data-elementor-lightbox-slideshow=\"aa7c4d2\" data-elementor-lightbox-title=\"Applique-e-lampade-artigianali-per-Teatro-Galli-di-Rimini-700x700\" data-e-action-hash=\"#elementor-action%3Aaction%3Dlightbox%26settings%3DeyJpZCI6MjgxNjMsInVybCI6Imh0dHBzOlwvXC93d3cubXVsdGlmb3JtZS5ldVwvd3AtY29udGVudFwvdXBsb2Fkc1wvMjAyMFwvMTFcL0FwcGxpcXVlLWUtbGFtcGFkZS1hcnRpZ2lhbmFsaS1wZXItVGVhdHJvLUdhbGxpLWRpLVJpbWluaS03MDB4NzAwLTEuanBnIiwic2xpZGVzaG93IjoiYWE3YzRkMiJ9\">\n\t\t\t\t\t<div class=\"e-gallery-image elementor-gallery-item__image\" data-thumbnail=\"https:\/\/www.multiforme.eu\/wp-content\/uploads\/2020\/11\/Applique-e-lampade-artigianali-per-Teatro-Galli-di-Rimini-700x700-1.jpg\" data-width=\"700\" data-height=\"700\" aria-label=\"\" role=\"img\" ><\/div>\n\t\t\t\t\t\t\t\t\t\t\t<div class=\"elementor-gallery-item__overlay\"><\/div>\n\t\t\t\t\t\t\t\t\t\t\t\t\t\t<\/a>\n\t\t\t\t\t<\/div>\n\t\t\t\t\t<\/div>\n\t\t\t\t<\/div>\n\t\t\t\t<div class=\"elementor-element elementor-element-4cb5ad8 elementor-widget elementor-widget-text-editor\" data-id=\"4cb5ad8\" data-element_type=\"widget\" data-widget_type=\"text-editor.default\">\n\t\t\t\t<div class=\"elementor-widget-container\">\n\t\t\t\t\t\t\t\t\t<p><em>Giacomo Terracciano Ph<\/em><\/p>\n\t\t\t\t\t\t\t\t<\/div>\n\t\t\t\t<\/div>\n\t\t\t\t<div class=\"elementor-element elementor-element-d7c3b34 elementor-widget elementor-widget-text-editor\" data-id=\"d7c3b34\" data-element_type=\"widget\" data-widget_type=\"text-editor.default\">\n\t\t\t\t<div class=\"elementor-widget-container\">\n\t\t\t\t\t\t\t\t\t<p>Ad ottobre del 2018 il Teatro \u2018Amintore Galli\u2019 di Rimini torna ad alzare il suo sipario: a distanza di 75 anni il luogo della grande musica \u00e8 stato restituito a Rimini e alla comunit\u00e0 riminese. Il sipario si \u00e8 riaperto sulla straordinaria voce di\u00a0<a class=\"magazine_link\" href=\"https:\/\/www.ceciliabartoli.com\/\" target=\"_blank\" rel=\"noopener\"><b>Cecilia Bartoli<\/b><\/a>, mezzosoprano stella della lirica mondiale, che ha presentato la sua Cenerentola in forma semiscenica, accompagnata dai Musiciens du Prince. Poco dopo anche\u00a0<a class=\"magazine_link\" href=\"http:\/\/www.robertobolle.com\/it\/\" target=\"_blank\" rel=\"noopener\"><b>Roberto Bolle<\/b><\/a>\u00a0famoso ballerino classico \u00e9toile del Teatro alla Scala di Milano, e da dieci anni anche Principal Dancer dell\u2019American Ballet Theatre di New York il 3 novembre 2018 \u00e9 approdato al teatro Galli di Rimini e con la sua straordinaria presenza sul ritrovato palcoscenico ha portato una tappa della manifestazione &#171;Roberto Bolle and friends&#187; a sottolineare la rinascita di questo Teatro. Ad agosto di quest&#8217;anno il\u00a0<b>Presidente della Repubblica Sergio Mattarella<\/b>\u00a0<a class=\"magazine_link\" href=\"https:\/\/www.youtube.com\/watch?v=GByi8D6k-io\" target=\"_blank\" rel=\"noopener\">ha assistito al concerto<\/a>\u00a0diretto dal grande maestro\u00a0<a class=\"magazine_link\" href=\"https:\/\/www.riccardomuti.com\/\" target=\"_blank\" rel=\"noopener\"><b>Riccardo Muti<\/b><\/a>\u00a0con l&#8217;orchestra giovanile Luigi Cherubini apprezzando non solo la musica di Mozart, ma anche il contesto e la bellezza di questo teatro riportato ai suoi antichi splendori.<\/p>\n\t\t\t\t\t\t\t\t<\/div>\n\t\t\t\t<\/div>\n\t\t\t\t<div class=\"elementor-element elementor-element-8a83254 elementor-widget elementor-widget-image\" data-id=\"8a83254\" data-element_type=\"widget\" data-widget_type=\"image.default\">\n\t\t\t\t<div class=\"elementor-widget-container\">\n\t\t\t\t\t\t\t\t\t\t\t\t\t\t\t<img fetchpriority=\"high\" decoding=\"async\" width=\"1165\" height=\"1748\" src=\"https:\/\/www.multiforme.eu\/wp-content\/uploads\/2020\/11\/Roberto-Bolle-sotto-il-grande-lampadario-classico-al-Teatro-Galli-di-Rimini-.jpg\" class=\"attachment-full size-full wp-image-28165\" alt=\"\" srcset=\"https:\/\/www.multiforme.eu\/wp-content\/uploads\/2020\/11\/Roberto-Bolle-sotto-il-grande-lampadario-classico-al-Teatro-Galli-di-Rimini-.jpg 1165w, https:\/\/www.multiforme.eu\/wp-content\/uploads\/2020\/11\/Roberto-Bolle-sotto-il-grande-lampadario-classico-al-Teatro-Galli-di-Rimini--600x900.jpg 600w\" sizes=\"(max-width: 1165px) 100vw, 1165px\" \/>\t\t\t\t\t\t\t\t\t\t\t\t\t\t\t<\/div>\n\t\t\t\t<\/div>\n\t\t\t\t<div class=\"elementor-element elementor-element-4cb03de elementor-widget elementor-widget-text-editor\" data-id=\"4cb03de\" data-element_type=\"widget\" data-widget_type=\"text-editor.default\">\n\t\t\t\t<div class=\"elementor-widget-container\">\n\t\t\t\t\t\t\t\t\t<p><em>Laura Ferrari Ph<\/em><\/p>\n\t\t\t\t\t\t\t\t<\/div>\n\t\t\t\t<\/div>\n\t\t\t\t<div class=\"elementor-element elementor-element-3be43a2 elementor-widget elementor-widget-text-editor\" data-id=\"3be43a2\" data-element_type=\"widget\" data-widget_type=\"text-editor.default\">\n\t\t\t\t<div class=\"elementor-widget-container\">\n\t\t\t\t\t\t\t\t\t<p>Dopo tanti progetti importanti all&#8217;estero, con questo progetto di grande prestigio\u00a0<b>MULTIFORME<sup>\u00ae<\/sup><\/b>\u00a0\u00e9 lieta di aver contribuito alla realizzazione di un&#8217;opera eccezionale proprio nella nostra bella Italia. Sviluppare un grande lampadario e centinaia di lampade artigianali e avere l&#8217;opportunit\u00e0 di lavorare in un teatro di queste dimensioni \u00e9 stata un&#8217;avventura intensa e gratificante. Cos\u00ec come \u00e8 stato un onore collaborare spalla a spalla con l&#8217;eccellenza di Aziende, Professionisti e Ammistratori locali, tutti uniti da un unico scopo: portare a nuova luce il Teatro Galli di Rimini.<\/p>\n\t\t\t\t\t\t\t\t<\/div>\n\t\t\t\t<\/div>\n\t\t\t\t\t<\/div>\n\t\t<\/div>\n\t\t\t\t\t<\/div>\n\t\t<\/section>\n\t\t<div class=\"elementor-element elementor-element-680c545d e-flex e-con-boxed e-con e-parent\" data-id=\"680c545d\" data-element_type=\"container\" data-settings=\"{&quot;background_background&quot;:&quot;classic&quot;}\">\n\t\t\t\t\t<div class=\"e-con-inner\">\n\t\t\t\t<div class=\"elementor-element elementor-element-7734f860 elementor-post-navigation-borders-yes elementor-widget elementor-widget-post-navigation\" data-id=\"7734f860\" data-element_type=\"widget\" data-widget_type=\"post-navigation.default\">\n\t\t\t\t<div class=\"elementor-widget-container\">\n\t\t\t\t\t\t\t<div class=\"elementor-post-navigation\" role=\"navigation\" aria-label=\"\u041d\u0430\u0432\u0438\u0433\u0430\u0446\u0438\u044f \u0437\u0430\u043f\u0438\u0441\u0438\">\n\t\t\t<div class=\"elementor-post-navigation__prev elementor-post-navigation__link\">\n\t\t\t\t<a href=\"https:\/\/www.multiforme.eu\/ru\/giusti-wine-italia\/\" rel=\"prev\"><span class=\"post-navigation__arrow-wrapper post-navigation__arrow-prev\"><svg aria-hidden=\"true\" class=\"e-font-icon-svg e-fas-angle-left\" viewBox=\"0 0 256 512\" xmlns=\"http:\/\/www.w3.org\/2000\/svg\"><path d=\"M31.7 239l136-136c9.4-9.4 24.6-9.4 33.9 0l22.6 22.6c9.4 9.4 9.4 24.6 0 33.9L127.9 256l96.4 96.4c9.4 9.4 9.4 24.6 0 33.9L201.7 409c-9.4 9.4-24.6 9.4-33.9 0l-136-136c-9.5-9.4-9.5-24.6-.1-34z\"><\/path><\/svg><span class=\"elementor-screen-only\">\u041f\u0440\u0435\u0434<\/span><\/span><span class=\"elementor-post-navigation__link__prev\"><span class=\"post-navigation__prev--label\">Prev<\/span><span class=\"post-navigation__prev--title\">GIUSTI WINE &#8212; \u0418\u0422\u0410\u041b\u0418\u042f<\/span><\/span><\/a>\t\t\t<\/div>\n\t\t\t\t\t\t\t<div class=\"elementor-post-navigation__separator-wrapper\">\n\t\t\t\t\t<div class=\"elementor-post-navigation__separator\"><\/div>\n\t\t\t\t<\/div>\n\t\t\t\t\t\t<div class=\"elementor-post-navigation__next elementor-post-navigation__link\">\n\t\t\t\t<a href=\"https:\/\/www.multiforme.eu\/ru\/palazzo-mazzetti-asti\/\" rel=\"next\"><span class=\"elementor-post-navigation__link__next\"><span class=\"post-navigation__next--label\">Next<\/span><span class=\"post-navigation__next--title\">PALAZZO MAZZETTI &#8212; \u0410\u0421\u0422\u0418<\/span><\/span><span class=\"post-navigation__arrow-wrapper post-navigation__arrow-next\"><svg aria-hidden=\"true\" class=\"e-font-icon-svg e-fas-angle-right\" viewBox=\"0 0 256 512\" xmlns=\"http:\/\/www.w3.org\/2000\/svg\"><path d=\"M224.3 273l-136 136c-9.4 9.4-24.6 9.4-33.9 0l-22.6-22.6c-9.4-9.4-9.4-24.6 0-33.9l96.4-96.4-96.4-96.4c-9.4-9.4-9.4-24.6 0-33.9L54.3 103c9.4-9.4 24.6-9.4 33.9 0l136 136c9.5 9.4 9.5 24.6.1 34z\"><\/path><\/svg><span class=\"elementor-screen-only\">\u0421\u043b\u0435\u0434\u0443\u044e\u0449\u0430\u044f<\/span><\/span><\/a>\t\t\t<\/div>\n\t\t<\/div>\n\t\t\t\t\t\t<\/div>\n\t\t\t\t<\/div>\n\t\t\t\t<div class=\"elementor-element elementor-element-6edb7e10 elementor-align-center btn--underline elementor-widget elementor-widget-button\" data-id=\"6edb7e10\" data-element_type=\"widget\" data-widget_type=\"button.default\">\n\t\t\t\t<div class=\"elementor-widget-container\">\n\t\t\t\t\t\t\t\t\t<div class=\"elementor-button-wrapper\">\n\t\t\t\t\t<a class=\"elementor-button elementor-button-link elementor-size-sm\" href=\"https:\/\/www.multiforme.eu\/ru\/%D0%BF%D0%BE%D1%80%D1%82%D0%BE%D1%84%D0%BE%D0%BB%D0%B8%D0%BE\/\">\n\t\t\t\t\t\t<span class=\"elementor-button-content-wrapper\">\n\t\t\t\t\t\t\t\t\t<span class=\"elementor-button-text\">TORNA AL PORTFOLIO<\/span>\n\t\t\t\t\t<\/span>\n\t\t\t\t\t<\/a>\n\t\t\t\t<\/div>\n\t\t\t\t\t\t\t\t<\/div>\n\t\t\t\t<\/div>\n\t\t\t\t\t<\/div>\n\t\t\t\t<\/div>\n\t\t\t\t<\/div>\n\t\t","protected":false},"excerpt":{"rendered":"<p>TEATRO GALLI &#8212; RIMINI Lampade artigianali e grande lampadario classico per il Teatro Galli a Rimini Nel 1841 viene incaricato del progetto per la realizzazione del Nuovo Teatro di Rimini l&#8217;architetto Luigi Poletti di Modena(1792-1869) che progetta un Teatro all&#8217;italiana, ma con alcune significative varianti superando lo stile neoclassico della prima met\u00e0 dell&#8217;ottocento. Inaugurato nel [&hellip;]<\/p>\n","protected":false},"author":2,"featured_media":28139,"comment_status":"closed","ping_status":"open","sticky":false,"template":"elementor_header_footer","format":"standard","meta":{"_acf_changed":false,"_mo_disable_npp":"","footnotes":""},"categories":[1242],"tags":[1486],"class_list":["post-51991","post","type-post","status-publish","format-standard","has-post-thumbnail","hentry","category-portfolio-ru","tag-palazzi-storici-ru"],"acf":[],"yoast_head":"<!-- This site is optimized with the Yoast SEO plugin v26.7 - https:\/\/yoast.com\/wordpress\/plugins\/seo\/ -->\n<title>\u0422\u0415\u0410\u0422\u0420 \u0413\u0410\u041b\u041b\u0418 - \u0420\u0418\u041c\u0418\u041d\u0418 | Multiforme<\/title>\n<meta name=\"description\" content=\"TEATRO GALLI - RIMINI Lampade artigianali e grande lampadario classico per il Teatro Galli a Rimini Nel 1841 viene incaricato del progetto per la\" \/>\n<meta name=\"robots\" content=\"index, follow, max-snippet:-1, max-image-preview:large, max-video-preview:-1\" \/>\n<link rel=\"canonical\" href=\"https:\/\/www.multiforme.eu\/ru\/teatro-galli-rimini\/\" \/>\n<meta property=\"og:locale\" content=\"ru_RU\" \/>\n<meta property=\"og:type\" content=\"article\" \/>\n<meta property=\"og:title\" content=\"\u0422\u0415\u0410\u0422\u0420 \u0413\u0410\u041b\u041b\u0418 - \u0420\u0418\u041c\u0418\u041d\u0418 | Multiforme\" \/>\n<meta property=\"og:description\" content=\"TEATRO GALLI - RIMINI Lampade artigianali e grande lampadario classico per il Teatro Galli a Rimini Nel 1841 viene incaricato del progetto per la\" \/>\n<meta property=\"og:url\" content=\"https:\/\/www.multiforme.eu\/ru\/teatro-galli-rimini\/\" \/>\n<meta property=\"og:site_name\" content=\"Multiforme\" \/>\n<meta property=\"article:publisher\" content=\"https:\/\/www.facebook.com\/MULTIFORME.lighting\" \/>\n<meta property=\"article:published_time\" content=\"2020-11-27T13:54:59+00:00\" \/>\n<meta property=\"article:modified_time\" content=\"2025-10-11T22:52:43+00:00\" \/>\n<meta property=\"og:image\" content=\"https:\/\/www.multiforme.eu\/wp-content\/uploads\/2020\/11\/Grande-lampadario-e-lampade-artigianali-in-vetro-Murano-per-Teatro-Galli-di-Rimini.jpg\" \/>\n\t<meta property=\"og:image:width\" content=\"1336\" \/>\n\t<meta property=\"og:image:height\" content=\"891\" \/>\n\t<meta property=\"og:image:type\" content=\"image\/jpeg\" \/>\n<meta name=\"author\" content=\"miriam\" \/>\n<meta name=\"twitter:card\" content=\"summary_large_image\" \/>\n<meta name=\"twitter:label1\" content=\"\u041d\u0430\u043f\u0438\u0441\u0430\u043d\u043e \u0430\u0432\u0442\u043e\u0440\u043e\u043c\" \/>\n\t<meta name=\"twitter:data1\" content=\"miriam\" \/>\n\t<meta name=\"twitter:label2\" content=\"\u041f\u0440\u0438\u043c\u0435\u0440\u043d\u043e\u0435 \u0432\u0440\u0435\u043c\u044f \u0434\u043b\u044f \u0447\u0442\u0435\u043d\u0438\u044f\" \/>\n\t<meta name=\"twitter:data2\" content=\"6 \u043c\u0438\u043d\u0443\u0442\" \/>\n<script type=\"application\/ld+json\" class=\"yoast-schema-graph\">{\"@context\":\"https:\/\/schema.org\",\"@graph\":[{\"@type\":\"Article\",\"@id\":\"https:\/\/www.multiforme.eu\/ru\/teatro-galli-rimini\/#article\",\"isPartOf\":{\"@id\":\"https:\/\/www.multiforme.eu\/ru\/teatro-galli-rimini\/\"},\"author\":{\"name\":\"miriam\",\"@id\":\"https:\/\/www.multiforme.eu\/ru\/#\/schema\/person\/30dd87a6214a050d7df43c235b9a3212\"},\"headline\":\"\u0422\u0415\u0410\u0422\u0420 \u0413\u0410\u041b\u041b\u0418 &#8212; \u0420\u0418\u041c\u0418\u041d\u0418\",\"datePublished\":\"2020-11-27T13:54:59+00:00\",\"dateModified\":\"2025-10-11T22:52:43+00:00\",\"mainEntityOfPage\":{\"@id\":\"https:\/\/www.multiforme.eu\/ru\/teatro-galli-rimini\/\"},\"wordCount\":1317,\"publisher\":{\"@id\":\"https:\/\/www.multiforme.eu\/ru\/#organization\"},\"image\":{\"@id\":\"https:\/\/www.multiforme.eu\/ru\/teatro-galli-rimini\/#primaryimage\"},\"thumbnailUrl\":\"https:\/\/www.multiforme.eu\/wp-content\/uploads\/2020\/11\/Grande-lampadario-e-lampade-artigianali-in-vetro-Murano-per-Teatro-Galli-di-Rimini.jpg\",\"keywords\":[\"\u0418\u0441\u0442\u043e\u0440\u0438\u0447\u0435\u0441\u043a\u0438\u0435 \u0434\u0432\u043e\u0440\u0446\u044b\"],\"articleSection\":[\"\u043f\u043e\u0440\u0442\u043e\u0444\u043e\u043b\u0438\u043e\"],\"inLanguage\":\"ru-RU\"},{\"@type\":\"WebPage\",\"@id\":\"https:\/\/www.multiforme.eu\/ru\/teatro-galli-rimini\/\",\"url\":\"https:\/\/www.multiforme.eu\/ru\/teatro-galli-rimini\/\",\"name\":\"\u0422\u0415\u0410\u0422\u0420 \u0413\u0410\u041b\u041b\u0418 - \u0420\u0418\u041c\u0418\u041d\u0418 | Multiforme\",\"isPartOf\":{\"@id\":\"https:\/\/www.multiforme.eu\/ru\/#website\"},\"primaryImageOfPage\":{\"@id\":\"https:\/\/www.multiforme.eu\/ru\/teatro-galli-rimini\/#primaryimage\"},\"image\":{\"@id\":\"https:\/\/www.multiforme.eu\/ru\/teatro-galli-rimini\/#primaryimage\"},\"thumbnailUrl\":\"https:\/\/www.multiforme.eu\/wp-content\/uploads\/2020\/11\/Grande-lampadario-e-lampade-artigianali-in-vetro-Murano-per-Teatro-Galli-di-Rimini.jpg\",\"datePublished\":\"2020-11-27T13:54:59+00:00\",\"dateModified\":\"2025-10-11T22:52:43+00:00\",\"description\":\"TEATRO GALLI - RIMINI Lampade artigianali e grande lampadario classico per il Teatro Galli a Rimini Nel 1841 viene incaricato del progetto per la\",\"breadcrumb\":{\"@id\":\"https:\/\/www.multiforme.eu\/ru\/teatro-galli-rimini\/#breadcrumb\"},\"inLanguage\":\"ru-RU\",\"potentialAction\":[{\"@type\":\"ReadAction\",\"target\":[\"https:\/\/www.multiforme.eu\/ru\/teatro-galli-rimini\/\"]}]},{\"@type\":\"ImageObject\",\"inLanguage\":\"ru-RU\",\"@id\":\"https:\/\/www.multiforme.eu\/ru\/teatro-galli-rimini\/#primaryimage\",\"url\":\"https:\/\/www.multiforme.eu\/wp-content\/uploads\/2020\/11\/Grande-lampadario-e-lampade-artigianali-in-vetro-Murano-per-Teatro-Galli-di-Rimini.jpg\",\"contentUrl\":\"https:\/\/www.multiforme.eu\/wp-content\/uploads\/2020\/11\/Grande-lampadario-e-lampade-artigianali-in-vetro-Murano-per-Teatro-Galli-di-Rimini.jpg\",\"width\":1336,\"height\":891},{\"@type\":\"BreadcrumbList\",\"@id\":\"https:\/\/www.multiforme.eu\/ru\/teatro-galli-rimini\/#breadcrumb\",\"itemListElement\":[{\"@type\":\"ListItem\",\"position\":1,\"name\":\"Home\",\"item\":\"https:\/\/www.multiforme.eu\/ru\/\"},{\"@type\":\"ListItem\",\"position\":2,\"name\":\"\u0422\u0415\u0410\u0422\u0420 \u0413\u0410\u041b\u041b\u0418 &#8211; \u0420\u0418\u041c\u0418\u041d\u0418\"}]},{\"@type\":\"WebSite\",\"@id\":\"https:\/\/www.multiforme.eu\/ru\/#website\",\"url\":\"https:\/\/www.multiforme.eu\/ru\/\",\"name\":\"MULTIFORME\",\"description\":\"Lampadari in vetro di Murano, stile classico e moderno, soluzioni di design per l&#039;illuminazione\",\"publisher\":{\"@id\":\"https:\/\/www.multiforme.eu\/ru\/#organization\"},\"potentialAction\":[{\"@type\":\"SearchAction\",\"target\":{\"@type\":\"EntryPoint\",\"urlTemplate\":\"https:\/\/www.multiforme.eu\/ru\/?s={search_term_string}\"},\"query-input\":{\"@type\":\"PropertyValueSpecification\",\"valueRequired\":true,\"valueName\":\"search_term_string\"}}],\"inLanguage\":\"ru-RU\"},{\"@type\":\"Organization\",\"@id\":\"https:\/\/www.multiforme.eu\/ru\/#organization\",\"name\":\"MULTIFORME Lighting\",\"url\":\"https:\/\/www.multiforme.eu\/ru\/\",\"logo\":{\"@type\":\"ImageObject\",\"inLanguage\":\"ru-RU\",\"@id\":\"https:\/\/www.multiforme.eu\/ru\/#\/schema\/logo\/image\/\",\"url\":\"https:\/\/www.multiforme.eu\/wp-content\/uploads\/2018\/09\/MULTIFORME-logo-WO-2018-WEB.jpg\",\"contentUrl\":\"https:\/\/www.multiforme.eu\/wp-content\/uploads\/2018\/09\/MULTIFORME-logo-WO-2018-WEB.jpg\",\"width\":1000,\"height\":300,\"caption\":\"MULTIFORME Lighting\"},\"image\":{\"@id\":\"https:\/\/www.multiforme.eu\/ru\/#\/schema\/logo\/image\/\"},\"sameAs\":[\"https:\/\/www.facebook.com\/MULTIFORME.lighting\"]},{\"@type\":\"Person\",\"@id\":\"https:\/\/www.multiforme.eu\/ru\/#\/schema\/person\/30dd87a6214a050d7df43c235b9a3212\",\"name\":\"miriam\",\"image\":{\"@type\":\"ImageObject\",\"inLanguage\":\"ru-RU\",\"@id\":\"https:\/\/www.multiforme.eu\/ru\/#\/schema\/person\/image\/\",\"url\":\"https:\/\/secure.gravatar.com\/avatar\/bb28af0853edf36861ed0c916992557b41d142d225ed0e2b7b66a21767331db6?s=96&d=mm&r=g\",\"contentUrl\":\"https:\/\/secure.gravatar.com\/avatar\/bb28af0853edf36861ed0c916992557b41d142d225ed0e2b7b66a21767331db6?s=96&d=mm&r=g\",\"caption\":\"miriam\"}}]}<\/script>\n<!-- \/ Yoast SEO plugin. -->","yoast_head_json":{"title":"\u0422\u0415\u0410\u0422\u0420 \u0413\u0410\u041b\u041b\u0418 - \u0420\u0418\u041c\u0418\u041d\u0418 | Multiforme","description":"TEATRO GALLI - RIMINI Lampade artigianali e grande lampadario classico per il Teatro Galli a Rimini Nel 1841 viene incaricato del progetto per la","robots":{"index":"index","follow":"follow","max-snippet":"max-snippet:-1","max-image-preview":"max-image-preview:large","max-video-preview":"max-video-preview:-1"},"canonical":"https:\/\/www.multiforme.eu\/ru\/teatro-galli-rimini\/","og_locale":"ru_RU","og_type":"article","og_title":"\u0422\u0415\u0410\u0422\u0420 \u0413\u0410\u041b\u041b\u0418 - \u0420\u0418\u041c\u0418\u041d\u0418 | Multiforme","og_description":"TEATRO GALLI - RIMINI Lampade artigianali e grande lampadario classico per il Teatro Galli a Rimini Nel 1841 viene incaricato del progetto per la","og_url":"https:\/\/www.multiforme.eu\/ru\/teatro-galli-rimini\/","og_site_name":"Multiforme","article_publisher":"https:\/\/www.facebook.com\/MULTIFORME.lighting","article_published_time":"2020-11-27T13:54:59+00:00","article_modified_time":"2025-10-11T22:52:43+00:00","og_image":[{"width":1336,"height":891,"url":"https:\/\/www.multiforme.eu\/wp-content\/uploads\/2020\/11\/Grande-lampadario-e-lampade-artigianali-in-vetro-Murano-per-Teatro-Galli-di-Rimini.jpg","type":"image\/jpeg"}],"author":"miriam","twitter_card":"summary_large_image","twitter_misc":{"\u041d\u0430\u043f\u0438\u0441\u0430\u043d\u043e \u0430\u0432\u0442\u043e\u0440\u043e\u043c":"miriam","\u041f\u0440\u0438\u043c\u0435\u0440\u043d\u043e\u0435 \u0432\u0440\u0435\u043c\u044f \u0434\u043b\u044f \u0447\u0442\u0435\u043d\u0438\u044f":"6 \u043c\u0438\u043d\u0443\u0442"},"schema":{"@context":"https:\/\/schema.org","@graph":[{"@type":"Article","@id":"https:\/\/www.multiforme.eu\/ru\/teatro-galli-rimini\/#article","isPartOf":{"@id":"https:\/\/www.multiforme.eu\/ru\/teatro-galli-rimini\/"},"author":{"name":"miriam","@id":"https:\/\/www.multiforme.eu\/ru\/#\/schema\/person\/30dd87a6214a050d7df43c235b9a3212"},"headline":"\u0422\u0415\u0410\u0422\u0420 \u0413\u0410\u041b\u041b\u0418 &#8212; \u0420\u0418\u041c\u0418\u041d\u0418","datePublished":"2020-11-27T13:54:59+00:00","dateModified":"2025-10-11T22:52:43+00:00","mainEntityOfPage":{"@id":"https:\/\/www.multiforme.eu\/ru\/teatro-galli-rimini\/"},"wordCount":1317,"publisher":{"@id":"https:\/\/www.multiforme.eu\/ru\/#organization"},"image":{"@id":"https:\/\/www.multiforme.eu\/ru\/teatro-galli-rimini\/#primaryimage"},"thumbnailUrl":"https:\/\/www.multiforme.eu\/wp-content\/uploads\/2020\/11\/Grande-lampadario-e-lampade-artigianali-in-vetro-Murano-per-Teatro-Galli-di-Rimini.jpg","keywords":["\u0418\u0441\u0442\u043e\u0440\u0438\u0447\u0435\u0441\u043a\u0438\u0435 \u0434\u0432\u043e\u0440\u0446\u044b"],"articleSection":["\u043f\u043e\u0440\u0442\u043e\u0444\u043e\u043b\u0438\u043e"],"inLanguage":"ru-RU"},{"@type":"WebPage","@id":"https:\/\/www.multiforme.eu\/ru\/teatro-galli-rimini\/","url":"https:\/\/www.multiforme.eu\/ru\/teatro-galli-rimini\/","name":"\u0422\u0415\u0410\u0422\u0420 \u0413\u0410\u041b\u041b\u0418 - \u0420\u0418\u041c\u0418\u041d\u0418 | Multiforme","isPartOf":{"@id":"https:\/\/www.multiforme.eu\/ru\/#website"},"primaryImageOfPage":{"@id":"https:\/\/www.multiforme.eu\/ru\/teatro-galli-rimini\/#primaryimage"},"image":{"@id":"https:\/\/www.multiforme.eu\/ru\/teatro-galli-rimini\/#primaryimage"},"thumbnailUrl":"https:\/\/www.multiforme.eu\/wp-content\/uploads\/2020\/11\/Grande-lampadario-e-lampade-artigianali-in-vetro-Murano-per-Teatro-Galli-di-Rimini.jpg","datePublished":"2020-11-27T13:54:59+00:00","dateModified":"2025-10-11T22:52:43+00:00","description":"TEATRO GALLI - RIMINI Lampade artigianali e grande lampadario classico per il Teatro Galli a Rimini Nel 1841 viene incaricato del progetto per la","breadcrumb":{"@id":"https:\/\/www.multiforme.eu\/ru\/teatro-galli-rimini\/#breadcrumb"},"inLanguage":"ru-RU","potentialAction":[{"@type":"ReadAction","target":["https:\/\/www.multiforme.eu\/ru\/teatro-galli-rimini\/"]}]},{"@type":"ImageObject","inLanguage":"ru-RU","@id":"https:\/\/www.multiforme.eu\/ru\/teatro-galli-rimini\/#primaryimage","url":"https:\/\/www.multiforme.eu\/wp-content\/uploads\/2020\/11\/Grande-lampadario-e-lampade-artigianali-in-vetro-Murano-per-Teatro-Galli-di-Rimini.jpg","contentUrl":"https:\/\/www.multiforme.eu\/wp-content\/uploads\/2020\/11\/Grande-lampadario-e-lampade-artigianali-in-vetro-Murano-per-Teatro-Galli-di-Rimini.jpg","width":1336,"height":891},{"@type":"BreadcrumbList","@id":"https:\/\/www.multiforme.eu\/ru\/teatro-galli-rimini\/#breadcrumb","itemListElement":[{"@type":"ListItem","position":1,"name":"Home","item":"https:\/\/www.multiforme.eu\/ru\/"},{"@type":"ListItem","position":2,"name":"\u0422\u0415\u0410\u0422\u0420 \u0413\u0410\u041b\u041b\u0418 &#8211; \u0420\u0418\u041c\u0418\u041d\u0418"}]},{"@type":"WebSite","@id":"https:\/\/www.multiforme.eu\/ru\/#website","url":"https:\/\/www.multiforme.eu\/ru\/","name":"MULTIFORME","description":"Lampadari in vetro di Murano, stile classico e moderno, soluzioni di design per l&#039;illuminazione","publisher":{"@id":"https:\/\/www.multiforme.eu\/ru\/#organization"},"potentialAction":[{"@type":"SearchAction","target":{"@type":"EntryPoint","urlTemplate":"https:\/\/www.multiforme.eu\/ru\/?s={search_term_string}"},"query-input":{"@type":"PropertyValueSpecification","valueRequired":true,"valueName":"search_term_string"}}],"inLanguage":"ru-RU"},{"@type":"Organization","@id":"https:\/\/www.multiforme.eu\/ru\/#organization","name":"MULTIFORME Lighting","url":"https:\/\/www.multiforme.eu\/ru\/","logo":{"@type":"ImageObject","inLanguage":"ru-RU","@id":"https:\/\/www.multiforme.eu\/ru\/#\/schema\/logo\/image\/","url":"https:\/\/www.multiforme.eu\/wp-content\/uploads\/2018\/09\/MULTIFORME-logo-WO-2018-WEB.jpg","contentUrl":"https:\/\/www.multiforme.eu\/wp-content\/uploads\/2018\/09\/MULTIFORME-logo-WO-2018-WEB.jpg","width":1000,"height":300,"caption":"MULTIFORME Lighting"},"image":{"@id":"https:\/\/www.multiforme.eu\/ru\/#\/schema\/logo\/image\/"},"sameAs":["https:\/\/www.facebook.com\/MULTIFORME.lighting"]},{"@type":"Person","@id":"https:\/\/www.multiforme.eu\/ru\/#\/schema\/person\/30dd87a6214a050d7df43c235b9a3212","name":"miriam","image":{"@type":"ImageObject","inLanguage":"ru-RU","@id":"https:\/\/www.multiforme.eu\/ru\/#\/schema\/person\/image\/","url":"https:\/\/secure.gravatar.com\/avatar\/bb28af0853edf36861ed0c916992557b41d142d225ed0e2b7b66a21767331db6?s=96&d=mm&r=g","contentUrl":"https:\/\/secure.gravatar.com\/avatar\/bb28af0853edf36861ed0c916992557b41d142d225ed0e2b7b66a21767331db6?s=96&d=mm&r=g","caption":"miriam"}}]}},"_links":{"self":[{"href":"https:\/\/www.multiforme.eu\/ru\/wp-json\/wp\/v2\/posts\/51991","targetHints":{"allow":["GET"]}}],"collection":[{"href":"https:\/\/www.multiforme.eu\/ru\/wp-json\/wp\/v2\/posts"}],"about":[{"href":"https:\/\/www.multiforme.eu\/ru\/wp-json\/wp\/v2\/types\/post"}],"author":[{"embeddable":true,"href":"https:\/\/www.multiforme.eu\/ru\/wp-json\/wp\/v2\/users\/2"}],"replies":[{"embeddable":true,"href":"https:\/\/www.multiforme.eu\/ru\/wp-json\/wp\/v2\/comments?post=51991"}],"version-history":[{"count":1,"href":"https:\/\/www.multiforme.eu\/ru\/wp-json\/wp\/v2\/posts\/51991\/revisions"}],"predecessor-version":[{"id":93908,"href":"https:\/\/www.multiforme.eu\/ru\/wp-json\/wp\/v2\/posts\/51991\/revisions\/93908"}],"wp:featuredmedia":[{"embeddable":true,"href":"https:\/\/www.multiforme.eu\/ru\/wp-json\/wp\/v2\/media\/28139"}],"wp:attachment":[{"href":"https:\/\/www.multiforme.eu\/ru\/wp-json\/wp\/v2\/media?parent=51991"}],"wp:term":[{"taxonomy":"category","embeddable":true,"href":"https:\/\/www.multiforme.eu\/ru\/wp-json\/wp\/v2\/categories?post=51991"},{"taxonomy":"post_tag","embeddable":true,"href":"https:\/\/www.multiforme.eu\/ru\/wp-json\/wp\/v2\/tags?post=51991"}],"curies":[{"name":"wp","href":"https:\/\/api.w.org\/{rel}","templated":true}]}}